{"id":234,"date":"2013-11-12T18:57:42","date_gmt":"2013-11-12T17:57:42","guid":{"rendered":"http:\/\/gernot-walzl.at\/WordPress\/?p=234"},"modified":"2013-11-12T20:04:34","modified_gmt":"2013-11-12T19:04:34","slug":"bmw-n46-olverlust","status":"publish","type":"post","link":"https:\/\/gernot-walzl.at\/WordPress\/?p=234","title":{"rendered":"BMW N46 &#8211; \u00d6lverlust"},"content":{"rendered":"<p><a href=\"http:\/\/gernot-walzl.at\/WordPress\/wp-content\/uploads\/2013\/11\/bmw_n46_00.jpg\"><img loading=\"lazy\" decoding=\"async\" src=\"http:\/\/gernot-walzl.at\/WordPress\/wp-content\/uploads\/2013\/11\/bmw_n46_00-300x225.jpg\" alt=\"bmw_n46_00\" width=\"300\" height=\"225\" class=\"alignright size-medium wp-image-264\" srcset=\"https:\/\/gernot-walzl.at\/WordPress\/wp-content\/uploads\/2013\/11\/bmw_n46_00-300x225.jpg 300w, https:\/\/gernot-walzl.at\/WordPress\/wp-content\/uploads\/2013\/11\/bmw_n46_00-1024x768.jpg 1024w, https:\/\/gernot-walzl.at\/WordPress\/wp-content\/uploads\/2013\/11\/bmw_n46_00-400x300.jpg 400w, https:\/\/gernot-walzl.at\/WordPress\/wp-content\/uploads\/2013\/11\/bmw_n46_00.jpg 2048w\" sizes=\"auto, (max-width: 300px) 100vw, 300px\" \/><\/a><\/p>\n<p><a href=\"http:\/\/gernot-walzl.at\/WordPress\/wp-content\/uploads\/2013\/11\/bmw_n46_01.jpg\"><img loading=\"lazy\" decoding=\"async\" src=\"http:\/\/gernot-walzl.at\/WordPress\/wp-content\/uploads\/2013\/11\/bmw_n46_01-300x225.jpg\" alt=\"bmw_n46_01\" width=\"300\" height=\"225\" class=\"alignright size-medium wp-image-265\" srcset=\"https:\/\/gernot-walzl.at\/WordPress\/wp-content\/uploads\/2013\/11\/bmw_n46_01-300x225.jpg 300w, https:\/\/gernot-walzl.at\/WordPress\/wp-content\/uploads\/2013\/11\/bmw_n46_01-1024x768.jpg 1024w, https:\/\/gernot-walzl.at\/WordPress\/wp-content\/uploads\/2013\/11\/bmw_n46_01-400x300.jpg 400w, https:\/\/gernot-walzl.at\/WordPress\/wp-content\/uploads\/2013\/11\/bmw_n46_01.jpg 2048w\" sizes=\"auto, (max-width: 300px) 100vw, 300px\" \/><\/a><\/p>\n<p><a href=\"http:\/\/gernot-walzl.at\/WordPress\/wp-content\/uploads\/2013\/11\/bmw_n46_02.jpg\"><img loading=\"lazy\" decoding=\"async\" src=\"http:\/\/gernot-walzl.at\/WordPress\/wp-content\/uploads\/2013\/11\/bmw_n46_02-300x225.jpg\" alt=\"bmw_n46_02\" width=\"300\" height=\"225\" class=\"alignright size-medium wp-image-266\" srcset=\"https:\/\/gernot-walzl.at\/WordPress\/wp-content\/uploads\/2013\/11\/bmw_n46_02-300x225.jpg 300w, https:\/\/gernot-walzl.at\/WordPress\/wp-content\/uploads\/2013\/11\/bmw_n46_02-1024x768.jpg 1024w, https:\/\/gernot-walzl.at\/WordPress\/wp-content\/uploads\/2013\/11\/bmw_n46_02-400x300.jpg 400w, https:\/\/gernot-walzl.at\/WordPress\/wp-content\/uploads\/2013\/11\/bmw_n46_02.jpg 2048w\" sizes=\"auto, (max-width: 300px) 100vw, 300px\" \/><\/a><\/p>\n<p><a href=\"http:\/\/gernot-walzl.at\/WordPress\/wp-content\/uploads\/2013\/11\/bmw_n46_03.jpg\"><img loading=\"lazy\" decoding=\"async\" src=\"http:\/\/gernot-walzl.at\/WordPress\/wp-content\/uploads\/2013\/11\/bmw_n46_03-300x225.jpg\" alt=\"bmw_n46_03\" width=\"300\" height=\"225\" class=\"alignright size-medium wp-image-267\" srcset=\"https:\/\/gernot-walzl.at\/WordPress\/wp-content\/uploads\/2013\/11\/bmw_n46_03-300x225.jpg 300w, https:\/\/gernot-walzl.at\/WordPress\/wp-content\/uploads\/2013\/11\/bmw_n46_03-1024x768.jpg 1024w, https:\/\/gernot-walzl.at\/WordPress\/wp-content\/uploads\/2013\/11\/bmw_n46_03-400x300.jpg 400w, https:\/\/gernot-walzl.at\/WordPress\/wp-content\/uploads\/2013\/11\/bmw_n46_03.jpg 2048w\" sizes=\"auto, (max-width: 300px) 100vw, 300px\" \/><\/a><\/p>\n<p><a href=\"http:\/\/gernot-walzl.at\/WordPress\/wp-content\/uploads\/2013\/11\/bmw_n46_04.jpg\"><img loading=\"lazy\" decoding=\"async\" src=\"http:\/\/gernot-walzl.at\/WordPress\/wp-content\/uploads\/2013\/11\/bmw_n46_04-300x225.jpg\" alt=\"bmw_n46_04\" width=\"300\" height=\"225\" class=\"alignright size-medium wp-image-268\" srcset=\"https:\/\/gernot-walzl.at\/WordPress\/wp-content\/uploads\/2013\/11\/bmw_n46_04-300x225.jpg 300w, https:\/\/gernot-walzl.at\/WordPress\/wp-content\/uploads\/2013\/11\/bmw_n46_04-1024x768.jpg 1024w, https:\/\/gernot-walzl.at\/WordPress\/wp-content\/uploads\/2013\/11\/bmw_n46_04-400x300.jpg 400w, https:\/\/gernot-walzl.at\/WordPress\/wp-content\/uploads\/2013\/11\/bmw_n46_04.jpg 2048w\" sizes=\"auto, (max-width: 300px) 100vw, 300px\" \/><\/a><\/p>\n<p><a href=\"http:\/\/gernot-walzl.at\/WordPress\/wp-content\/uploads\/2013\/11\/bmw_n46_05.jpg\"><img loading=\"lazy\" decoding=\"async\" src=\"http:\/\/gernot-walzl.at\/WordPress\/wp-content\/uploads\/2013\/11\/bmw_n46_05-225x300.jpg\" alt=\"bmw_n46_05\" width=\"225\" height=\"300\" class=\"alignright size-medium wp-image-269\" srcset=\"https:\/\/gernot-walzl.at\/WordPress\/wp-content\/uploads\/2013\/11\/bmw_n46_05-225x300.jpg 225w, https:\/\/gernot-walzl.at\/WordPress\/wp-content\/uploads\/2013\/11\/bmw_n46_05-768x1024.jpg 768w, https:\/\/gernot-walzl.at\/WordPress\/wp-content\/uploads\/2013\/11\/bmw_n46_05.jpg 1536w\" sizes=\"auto, (max-width: 225px) 100vw, 225px\" \/><\/a><\/p>\n<p><strong>Problem<\/strong><br \/>\nMein Motor BMW N46 aus dem Jahr 2005 verlor \u00d6l.<br \/>\nSo, wie ich das Auto verwendete, waren das ca. 0,5 Liter pro Tankf\u00fcllung. Fr\u00fcher st\u00f6rte es mich nicht, da Motor\u00f6l g\u00fcnstig aus Deutschland importiert werden konnte. (Redoil[1] versendet nach \u00d6sterreich.)<br \/>\nWenn man mit kaltem Motor bei einer Kreuzung bremste, konnte man das \u00d6l im Innenraum riechen. Ich bekam den Gedanken, dass das eventuell nicht f\u00f6rderlich f\u00fcr die Gesundheit sein k\u00f6nnte.<br \/>\nDas \u00d6l trat in der N\u00e4he der Vakuumpumpe am Zylinderkopf aus. Die Vakuumpumpe befindet sich \u00fcber dem Auspuffkr\u00fcmmer. Ich beschreibe hier, wie die Dichtungen im Bereich der Vakuumpumpe getauscht werden.<\/p>\n<p><strong>L\u00f6sung<\/strong><\/p>\n<ol>\n<li>\nDer Oberteil des Geh\u00e4uses des Mikrofilters ist mit 6 Sechskantschrauben befestigt. Die Abdeckungen links und rechts sind mit Clips befestigt. Die Kabelhalterungen direkt \u00fcber dem Motor sind gesteckt und k\u00f6nnen nach vorne herausgezogen werden. Der Sensor f\u00fcr die automatische Umluftkontrolle (AUC) kann durch Drehen aus der Halterung gel\u00f6st werden. Der Unterteil des Geh\u00e4uses ist mit 2 Sechskantschrauben befestigt und kann nach dem L\u00f6sen der Schrauben nach vorne herausgezogen werden.\n<\/li>\n<li>\nUm die Z\u00fcndspulenabdeckung abnehmen zu k\u00f6nnen, muss zuerst die Domstrebe abgeschraubt werden. Diese ist mit 2 Torxschrauben befestigt. (Ein Schl\u00fcssel f\u00fcr Au\u00dfensechskant sollte gen\u00fcgen.) Der Verschlussdeckel des Motor\u00f6ls muss in die Position gedreht werden, wo sich beide Pfeile in einer Linie befinden. Erst in dieser Position l\u00e4sst er sich vom Motor entfernen. Die Z\u00fcndspulenabdeckung selbst ist mit Gummis auf die Zylinderkopfhaube gesteckt. Die Abdeckung Motorakustik ist mit 4 Sechskantschrauben befestigt.\n<\/li>\n<li>\nDie erste und die letzte Z\u00fcndspule geht durch die Zylinderkopfhaube. Wenn die Verriegelungen der Z\u00fcndspulen nach oben geklappt werden, l\u00f6sen sich die Stecker. Die 2 Z\u00fcndspulen k\u00f6nnen nach dem L\u00f6sen der Verriegelungen aus dem Motor gezogen werden. Die Zylinderkopfhaube ist mit 16 Bundschrauben am Zylinderkopf befestigt. Die Bundschrauben haben unterschiedliche L\u00e4ngen. Wegen des Alters kann es vorkommen, dass die Zylinderkopfhaube mit der Profildichtung am Zylinderkopf &#8220;klebt&#8221;.\n<\/li>\n<li>\nDie Vakuumpumpe ist mit 3 Sechskantschrauben an der Au\u00dfenseite des Motors und 2 Flanschmuttern innen befestigt.\n<\/li>\n<li>\nBeim Zusammensetzen ist Folgendes zu beachten:<\/p>\n<ul>\n<li>Alle Teile m\u00fcssen im Bereich der Dichtungen sauber sein.<\/li>\n<li>Die 2 Z\u00fcndkerzenrohre m\u00fcssen fest an den richtigen Stellen stecken.<\/li>\n<li>Alle Schrauben eines Teiles m\u00fcssen zuerst locker angezogen werden, damit sich das Teil nicht verspannt.<\/li>\n<\/ul>\n<\/li>\n<\/ol>\n<p><strong>Verwendete Teile<\/strong><br \/>\nDer BMW Teilekatalog[2] bietet anschauliche Skizzen zu allen Teilen.<\/p>\n<ul>\n<li>\nProfildichtung der Zylinderkopfhaube<br \/>\n11 12 0032224\n<\/li>\n<li>\nO-Ring der Vakuumpumpe (Zylinderkopf-Anbauteil)<br \/>\n11 66 7509080\n<\/li>\n<\/ul>\n<p><strong>Links<\/strong><br \/>\n[1] <a href=\"http:\/\/www.redoil.com\/\">http:\/\/www.redoil.com\/<\/a><br \/>\n[2] <a href=\"http:\/\/www.bmwetk.info\/\">http:\/\/www.bmwetk.info\/<\/a><\/p>\n","protected":false},"excerpt":{"rendered":"<p>Problem Mein Motor BMW N46 aus dem Jahr 2005 verlor \u00d6l. So, wie ich das Auto verwendete, waren das ca. 0,5 Liter pro Tankf\u00fcllung. Fr\u00fcher st\u00f6rte es mich nicht, da Motor\u00f6l g\u00fcnstig aus Deutschland importiert werden konnte. (Redoil[1] versendet nach &hellip; <a href=\"https:\/\/gernot-walzl.at\/WordPress\/?p=234\">Continue reading <span class=\"meta-nav\">&rarr;<\/span><\/a><\/p>\n","protected":false},"author":1,"featured_media":0,"comment_status":"open","ping_status":"closed","sticky":false,"template":"","format":"standard","meta":{"footnotes":""},"categories":[6],"tags":[],"class_list":["post-234","post","type-post","status-publish","format-standard","hentry","category-mechanics"],"_links":{"self":[{"href":"https:\/\/gernot-walzl.at\/WordPress\/index.php?rest_route=\/wp\/v2\/posts\/234","targetHints":{"allow":["GET"]}}],"collection":[{"href":"https:\/\/gernot-walzl.at\/WordPress\/index.php?rest_route=\/wp\/v2\/posts"}],"about":[{"href":"https:\/\/gernot-walzl.at\/WordPress\/index.php?rest_route=\/wp\/v2\/types\/post"}],"author":[{"embeddable":true,"href":"https:\/\/gernot-walzl.at\/WordPress\/index.php?rest_route=\/wp\/v2\/users\/1"}],"replies":[{"embeddable":true,"href":"https:\/\/gernot-walzl.at\/WordPress\/index.php?rest_route=%2Fwp%2Fv2%2Fcomments&post=234"}],"version-history":[{"count":32,"href":"https:\/\/gernot-walzl.at\/WordPress\/index.php?rest_route=\/wp\/v2\/posts\/234\/revisions"}],"predecessor-version":[{"id":272,"href":"https:\/\/gernot-walzl.at\/WordPress\/index.php?rest_route=\/wp\/v2\/posts\/234\/revisions\/272"}],"wp:attachment":[{"href":"https:\/\/gernot-walzl.at\/WordPress\/index.php?rest_route=%2Fwp%2Fv2%2Fmedia&parent=234"}],"wp:term":[{"taxonomy":"category","embeddable":true,"href":"https:\/\/gernot-walzl.at\/WordPress\/index.php?rest_route=%2Fwp%2Fv2%2Fcategories&post=234"},{"taxonomy":"post_tag","embeddable":true,"href":"https:\/\/gernot-walzl.at\/WordPress\/index.php?rest_route=%2Fwp%2Fv2%2Ftags&post=234"}],"curies":[{"name":"wp","href":"https:\/\/api.w.org\/{rel}","templated":true}]}}